{"id":10225,"date":"2022-06-29T07:33:32","date_gmt":"2022-06-29T07:33:32","guid":{"rendered":"https:\/\/bandi.design\/casser-les-codes-et-creer-des-pieces-de-mobilier-100-wallonnes\/"},"modified":"2022-06-29T07:33:33","modified_gmt":"2022-06-29T07:33:33","slug":"casser-les-codes-et-creer-des-pieces-de-mobilier-100-wallonnes","status":"publish","type":"post","link":"https:\/\/bandi.design\/nl\/casser-les-codes-et-creer-des-pieces-de-mobilier-100-wallonnes\/","title":{"rendered":"Casser les codes et cr\u00e9er des pi\u00e8ces de mobilier 100% wallonnes"},"content":{"rendered":"\t\t<div data-elementor-type=\"wp-post\" data-elementor-id=\"10225\" class=\"elementor elementor-10225 elementor-429\" data-elementor-post-type=\"post\">\n\t\t\t\t\t\t<section class=\"has_eae_slider elementor-section elementor-top-section elementor-element elementor-element-411eca8 elementor-section-boxed elementor-section-height-default elementor-section-height-default\" data-eae-slider=\"59987\" data-id=\"411eca8\" data-element_type=\"section\">\n\t\t\t\t\t\t<div class=\"elementor-container elementor-column-gap-default\">\n\t\t\t\t\t<div class=\"has_eae_slider elementor-column elementor-col-100 elementor-top-column elementor-element elementor-element-ca0b233\" data-eae-slider=\"88816\" data-id=\"ca0b233\" data-element_type=\"column\">\n\t\t\t<div class=\"elementor-widget-wrap elementor-element-populated\">\n\t\t\t\t\t\t<div class=\"elementor-element elementor-element-b13ca07 elementor-widget elementor-widget-image\" data-id=\"b13ca07\" data-element_type=\"widget\" data-widget_type=\"image.default\">\n\t\t\t\t<div class=\"elementor-widget-container\">\n\t\t\t\t\t\t\t\t\t\t\t\t\t\t\t<img decoding=\"async\" src=\"https:\/\/bandi.design\/wp-content\/uploads\/2018\/12\/Prod_6-1.jpg\" title=\"Prod_6\" alt=\"Prod_6\" loading=\"lazy\" \/>\t\t\t\t\t\t\t\t\t\t\t\t\t\t\t<\/div>\n\t\t\t\t<\/div>\n\t\t\t\t<section class=\"has_eae_slider elementor-section elementor-inner-section elementor-element elementor-element-93313fd elementor-section-boxed elementor-section-height-default elementor-section-height-default\" data-eae-slider=\"50626\" data-id=\"93313fd\" data-element_type=\"section\">\n\t\t\t\t\t\t<div class=\"elementor-container elementor-column-gap-default\">\n\t\t\t\t\t<div class=\"has_eae_slider elementor-column elementor-col-50 elementor-inner-column elementor-element elementor-element-fc4fc5b\" data-eae-slider=\"78186\" data-id=\"fc4fc5b\" data-element_type=\"column\">\n\t\t\t<div class=\"elementor-widget-wrap elementor-element-populated\">\n\t\t\t\t\t\t<div class=\"elementor-element elementor-element-57a2047 elementor-align-center elementor-widget elementor-widget-button\" data-id=\"57a2047\" data-element_type=\"widget\" data-widget_type=\"button.default\">\n\t\t\t\t<div class=\"elementor-widget-container\">\n\t\t\t\t\t\t\t\t\t<div class=\"elementor-button-wrapper\">\n\t\t\t\t\t<a class=\"elementor-button elementor-button-link elementor-size-sm elementor-animation-grow\" href=\"https:\/\/www.bandi.design\/wp-content\/uploads\/2018\/12\/Article-Article_Waw_180709.pdf\">\n\t\t\t\t\t\t<span class=\"elementor-button-content-wrapper\">\n\t\t\t\t\t\t<span class=\"elementor-button-icon\">\n\t\t\t\t\t\t\t\t\t<i class=\"fa fa-download\" aria-hidden=\"true\"><\/i>\n\t\t\t\t\t\t\t<\/span>\n\t\t\t\t\t\t\t\t\t<span class=\"elementor-button-text\">T\u00e9l\u00e9charger l'article<\/span>\n\t\t\t\t\t<\/span>\n\t\t\t\t\t<\/a>\n\t\t\t\t<\/div>\n\t\t\t\t\t\t\t\t<\/div>\n\t\t\t\t<\/div>\n\t\t\t\t\t<\/div>\n\t\t<\/div>\n\t\t\t\t<div class=\"has_eae_slider elementor-column elementor-col-50 elementor-inner-column elementor-element elementor-element-6bc15d8\" data-eae-slider=\"63526\" data-id=\"6bc15d8\" data-element_type=\"column\">\n\t\t\t<div class=\"elementor-widget-wrap elementor-element-populated\">\n\t\t\t\t\t\t<div class=\"elementor-element elementor-element-46c9daf elementor-button-info elementor-align-center elementor-widget elementor-widget-button\" data-id=\"46c9daf\" data-element_type=\"widget\" data-widget_type=\"button.default\">\n\t\t\t\t<div class=\"elementor-widget-container\">\n\t\t\t\t\t\t\t\t\t<div class=\"elementor-button-wrapper\">\n\t\t\t\t\t<a class=\"elementor-button elementor-button-link elementor-size-sm elementor-animation-grow\" href=\"http:\/\/www.wawmagazine.be\/fr\/ville\/awans\" target=\"_blank\">\n\t\t\t\t\t\t<span class=\"elementor-button-content-wrapper\">\n\t\t\t\t\t\t<span class=\"elementor-button-icon\">\n\t\t\t\t\t\t\t\t\t<i class=\"fa fa-book\" aria-hidden=\"true\"><\/i>\n\t\t\t\t\t\t\t<\/span>\n\t\t\t\t\t\t\t\t\t<span class=\"elementor-button-text\">Voir l'article sur le site : Awans<\/span>\n\t\t\t\t\t<\/span>\n\t\t\t\t\t<\/a>\n\t\t\t\t<\/div>\n\t\t\t\t\t\t\t\t<\/div>\n\t\t\t\t<\/div>\n\t\t\t\t\t<\/div>\n\t\t<\/div>\n\t\t\t\t\t<\/div>\n\t\t<\/section>\n\t\t\t\t<div class=\"elementor-element elementor-element-2c33460 elementor-widget elementor-widget-text-editor\" data-id=\"2c33460\" data-element_type=\"widget\" data-widget_type=\"text-editor.default\">\n\t\t\t\t<div class=\"elementor-widget-container\">\n\t\t\t\t\t\t\t\t\t<div align=\"justify\"><p class=\"mise_en_evidence\">Casser les codes et cr\u00e9er des pi\u00e8ces de mobilier 100% wallonnes, c&#8217;est le pari r\u00e9ussi de deux cousins de la r\u00e9gion de Li\u00e8ge \u00e0 l&#8217;origine de la marque BANDI. Une cinquantaine d&#8217;ensembles (table et bancs) ont ainsi \u00e9t\u00e9 vendus en 2017 et, cette ann\u00e9e, la production devrait doubler.<\/p><p class=\"p1\"><span class=\"s1\">I<\/span><span class=\"s2\">l y a parfois de belles histoires qui naissent d&#8217;une frustration. Il y a quatre ans, las d&#8217;arpenter les show-rooms \u00e0 la recherche de bancs pour sa table de salon, Thomas Crucifix dessine lui m\u00eame la pi\u00e8ce qui lui convient et la fait ensuite construire chez un artisan voisin. \u00ab<\/span><span class=\"s3\"> <\/span><span class=\"s2\">Je trouvais tout trop cher ou pas \u00e0 mon go\u00fbt, explique-t-il. Je voulais quelque chose de l\u00e9ger et d&#8217;une seule pi\u00e8ce.<\/span><span class=\"s3\"> <\/span><span class=\"s2\">\u00bb L&#8217;homme n&#8217;a pourtant rien d&#8217;un designer puisqu\u2019il est ing\u00e9nieur commercial. Mais cette cr\u00e9ation toute personnelle s\u00e9duit. \u00ab<\/span><span class=\"s3\"> <\/span><span class=\"s2\">Rapidement, des amis, de la famille m&#8217;ont demand\u00e9 o\u00f9 j&#8217;avais trouv\u00e9 ce banc. Ils voulaient cela chez eux. Mais aussi une table pour leur terrasse. C&#8217;est l\u00e0 que je me suis dit qu&#8217;il y avait peut-\u00eatre quelque chose \u00e0 faire&#8230;<\/span><span class=\"s3\"> <\/span><span class=\"s2\">\u00bb. <\/span> <\/p><p class=\"p1\"><span class=\"s2\">Pour mener \u00e0 bien ce projet, Thomas fait appel \u00e0 son cousin, Olivier Collette, architecte de formation. Les deux hommes se compl\u00e8tent. L&#8217;un fourmille d&#8217;id\u00e9es, l&#8217;autre est plus \u00ab terre \u00e0 terre \u00bb. \u00ab<\/span><span class=\"s3\"> <\/span><span class=\"s2\">Quand il a fallu r\u00e9fl\u00e9chir \u00e0 des solutions techniques pour produire \u00e0 grande \u00e9chelle ou quand nous avons d\u00fb affiner certaines lignes pour am\u00e9liorer le produit et r\u00e9duire les co\u00fbts, les comp\u00e9tences d&#8217;Olivier se sont r\u00e9v\u00e9l\u00e9es tr\u00e8s importantes \u00bb, explique Thomas. Rapidement, un concept voit le jour. Cr\u00e9er une table et un banc utilisables tant \u00e0 l&#8217;ext\u00e9rieur qu&#8217;a l&#8217;int\u00e9rieur. La gamme BANDI \u00e9tait n\u00e9e. \u00ab Regardez une terrasse avec un joli mobilier, \u00e7a embellit le tout, \u00e7a donne de la personnalit\u00e9 \u00e0 l&#8217;ensemble. Je peux vous assurer que notre table blanche (la couleur la plus vendue, NDLR), sous un soleil estival, \u00e7a a de la gueule<\/span><span class=\"s3\"> <\/span><span class=\"s2\">!<\/span><span class=\"s3\"> <\/span><span class=\"s2\">\u00bb.<\/span><\/p><p class=\"p1 bleu_ciel\"><strong><em>Fabriqu\u00e9es chez nous<\/em><\/strong><\/p><p>Mais les deux hommes vont plus loin dans leurs r\u00e9flexions. Ces cr\u00e9ations, ils les veulent relativement abordables, durables et, point essentiel, fabriqu\u00e9es en Wallonie. \u00ab<span class=\"s4\"> <\/span>Tout est produit pr\u00e8s de chez nous et pas juste finalis\u00e9 ici comme chez certains de nos concurrents, s&#8217;exclame Olivier. Nous sommes dans une r\u00e9gion, Li\u00e8ge, qui a v\u00e9cu par et pour le m\u00e9tal. Les outils existent, les connaissances sont l\u00e0. Cette industrie et cet artisanat doivent se r\u00e9inventer. Pourquoi fabriquer \u00e0 l&#8217;\u00e9tranger alors qu&#8217;on a un vrai potentiel ici ? \u00bb.<\/p><p class=\"p1\">Durant plusieurs mois, les deux cousins dessinent, peaufinent et affinent le concept. Plusieurs sous-traitants les suivent et am\u00e8nent eux aussi leur savoir-faire. \u00ab<span class=\"s4\"> <\/span>C&#8217;est incroyable de se rendre compte de ce que l&#8217;on peut faire ici, poursuit Olivier. Un exemple : un de nos fournisseurs a gard\u00e9 une ancienne presse pour plier des t\u00f4les. Cette machine permet de faire ce que l&#8217;on veut. Les concurrents n&#8217;ont plus cette flexibilit\u00e9<span class=\"s4\"> <\/span>\u00bb.<\/p><p class=\"p1\">Rapidement, les deux comp\u00e8res se voient pourtant confront\u00e9s \u00e0 la r\u00e9alit\u00e9 du march\u00e9 et aux co\u00fbts de production en Belgique. Loin de se d\u00e9courager, ils adaptent leur produit et leurs crit\u00e8res de production. \u00ab<span class=\"s4\"> <\/span>Nous proposons de l&#8217;artisanat industriel, explique Olivier. Nous devons produire suffisamment pour r\u00e9duire les co\u00fbts tout en gardant cette notion de \u00ab fait main \u00bb. Et Thomas de pr\u00e9ciser : \u00ab<span class=\"s4\"> <\/span>C&#8217;est clair que d\u00e9penser 2.500 euros pour une table et 1.000 euros par banc, \u00e7a reste beaucoup d&#8217;argent. D&#8217;o\u00f9 le fait de travailler un design intemporel qui va vraiment embellir la terrasse ou le jardin. Et qui va durer !<span class=\"s4\"> <\/span>\u00bb.<\/p><p class=\"p4 bleu_ciel\"><em><strong>L\u2019accent sur la qualit\u00e9<\/strong><\/em><\/p><p class=\"p1\">Chaque table ou banc est construit en aluminium, mat\u00e9riau aussi fin, point de vue graphique, que robuste. Les peintures sont, elles aussi, de type industriel, gage d&#8217;une certaine long\u00e9vit\u00e9. \u00ab<span class=\"s4\"> <\/span>Nous avons vraiment voulu mettre l&#8217;accent sur la qualit\u00e9. Ces peintures sont extr\u00eamement r\u00e9sistantes. Regardez ce que certaines tables en bois moins ch\u00e8res deviennent apr\u00e8s quelques ann\u00e9es. Nous voulions vraiment \u00e9viter cela<span class=\"s4\"> <\/span>\u00bb, conclut Olivier.<\/p><p class=\"p1\">Aujourd&#8217;hui, la soci\u00e9t\u00e9 s\u00e9duit de plus en plus. Une cinquantaine d&#8217;ensembles (table et bancs) ont ainsi \u00e9t\u00e9 vendus en 2017 et, cette ann\u00e9e, la production devrait doubler. \u00ab<span class=\"s4\"> <\/span>Il y a une vraie tendance pour retrouver du haut de gamme produit chez nous, reprend Thomas. Une fiert\u00e9 d&#8217;avoir une pi\u00e8ce \u00ab made in Wallonia \u00bb. Nos clients le disent. Ils cherchent du \u00ab local \u00bb, tant pour la nourriture que pour les autres aspects de la vie quotidienne. Et la maison comme la d\u00e9co font partie de la vie quotidienne.<span class=\"s4\"> <\/span>\u00bb<\/p><p class=\"p4 bleu_ciel\"><em><strong>S\u00e9duire la Flandre ?<\/strong><\/em><\/p><p class=\"p1\">Autre argument qui explique peut-\u00eatre le succ\u00e8s de la marque : le syst\u00e8me de vente en circuit court et sans interm\u00e9diaire. \u00ab<span class=\"s4\"> <\/span>La marge prise par les interm\u00e9diaires n&#8217;aurait plus permis de rester dans une gamme de prix abordable, conc\u00e8de Olivier. Nous travaillons donc diff\u00e9remment. Les r\u00e9seaux sociaux et le bouche \u00e0 oreille sont aujourd&#8217;hui nos meilleurs alli\u00e9s \u00bb. Et Thomas d\u2019ajouter : \u00ab<span class=\"s4\"> <\/span>Nous nous amusons avec des campagnes un peu d\u00e9cal\u00e9es. Si vous faites rire quelqu&#8217;un, vous gagnez probablement un client. Mais il est tr\u00e8s important aussi que celui-ci puisse \u00ab toucher \u00bb la table, s&#8217;asseoir sur les bancs. C&#8217;est pour cela que nous travaillons avec des ambassadeurs par r\u00e9gion. Des enseignes, des marques, mais aussi des particuliers qui aiment nos produits et les montrent<span class=\"s4\"> <\/span>\u00bb.<\/p><p class=\"p1\">Assis sur la terrasse de leur bureau, appuy\u00e9s sur la derni\u00e8re \u00e9volution de leur table, les deux associ\u00e9s voient l&#8217;avenir avec une certaine excitation. \u00ab<span class=\"s4\"> <\/span>Nous avons tr\u00e8s envie d&#8217;aller d\u00e9marcher en Flandre, de s\u00e9duire le client flamand avec du \u00ab<span class=\"s4\"> <\/span>made in Wallonia<span class=\"s4\"> <\/span>\u00bb, s&#8217;exclame Thomas. Le march\u00e9 est bien plus important pour le haut de gamme, justifie Olivier. Nous aimerions \u00e9galement cr\u00e9er notre propre atelier de production. Jusque-l\u00e0, nous n&#8217;avons pas pris de risque important en sous-traitant, mais il est clair que nous serons bient\u00f4t face \u00e0 un choix \u00bb.<\/p><p class=\"p1\">Dans la t\u00eate des deux hommes, d&#8217;autres \u00e9volutions de la gamme pourraient voir le jour. Mais pas question d&#8217;en savoir plus, les cousins se contentent d&#8217;un \u00ab On en parlera en temps voulu \u00bb, ponctu\u00e9 d&#8217;un large sourire.<\/p><p class=\"p1 mise_en_evidence\"> \u00ab La marge prise par les interm\u00e9diaires n&#8217;aurait plus permis de rester dans une gamme de prix abordable. Nous travaillons donc diff\u00e9remment. Les r\u00e9seaux sociaux et le bouche \u00e0 oreille sont aujourd&#8217;hui nos meilleurs alli\u00e9s. \u00bb<\/p><\/div>\t\t\t\t\t\t\t\t<\/div>\n\t\t\t\t<\/div>\n\t\t\t\t\t<\/div>\n\t\t<\/div>\n\t\t\t\t\t<\/div>\n\t\t<\/section>\n\t\t\t\t<section class=\"has_eae_slider elementor-section elementor-top-section elementor-element elementor-element-7e84a6d elementor-section-boxed elementor-section-height-default elementor-section-height-default\" data-eae-slider=\"61665\" data-id=\"7e84a6d\" data-element_type=\"section\">\n\t\t\t\t\t\t<div class=\"elementor-container elementor-column-gap-default\">\n\t\t\t\t\t<div class=\"has_eae_slider elementor-column elementor-col-100 elementor-top-column elementor-element elementor-element-3572543\" data-eae-slider=\"7989\" data-id=\"3572543\" data-element_type=\"column\">\n\t\t\t<div class=\"elementor-widget-wrap elementor-element-populated\">\n\t\t\t\t\t\t<div class=\"elementor-element elementor-element-6e89c94 elementor-cta--skin-cover elementor-animated-content elementor-bg-transform elementor-bg-transform-zoom-in elementor-widget elementor-widget-call-to-action\" data-id=\"6e89c94\" data-element_type=\"widget\" data-widget_type=\"call-to-action.default\">\n\t\t\t\t<div class=\"elementor-widget-container\">\n\t\t\t\t\t\t\t<div class=\"elementor-cta\">\n\t\t\t\t\t<div class=\"elementor-cta__bg-wrapper\">\n\t\t\t\t<div class=\"elementor-cta__bg elementor-bg\" style=\"background-image: url(https:\/\/bandi.design\/wp-content\/uploads\/2018\/12\/IMG_0317-1.jpg);\" role=\"img\" aria-label=\"IMG_0317\"><\/div>\n\t\t\t\t<div class=\"elementor-cta__bg-overlay\"><\/div>\n\t\t\t<\/div>\n\t\t\t\t\t\t\t<div class=\"elementor-cta__content\">\n\t\t\t\t\n\t\t\t\t\t\t\t\t\t<h2 class=\"elementor-cta__title elementor-cta__content-item elementor-content-item elementor-animated-item--grow\">\n\t\t\t\t\t\tBandi Design\t\t\t\t\t<\/h2>\n\t\t\t\t\n\t\t\t\t\n\t\t\t\t\t\t\t\t\t<div class=\"elementor-cta__button-wrapper elementor-cta__content-item elementor-content-item elementor-animated-item--grow\">\n\t\t\t\t\t<a class=\"elementor-cta__button elementor-button elementor-size-\" href=\"https:\/\/www.bandi.design\/contactez-nous\/\">\n\t\t\t\t\t\tDemandez un rendez-vous\t\t\t\t\t<\/a>\n\t\t\t\t\t<\/div>\n\t\t\t\t\t\t\t<\/div>\n\t\t\t\t\t\t<\/div>\n\t\t\t\t\t\t<\/div>\n\t\t\t\t<\/div>\n\t\t\t\t<div class=\"elementor-element elementor-element-40d8201 elementor-widget elementor-widget-spacer\" data-id=\"40d8201\" data-element_type=\"widget\" data-widget_type=\"spacer.default\">\n\t\t\t\t<div class=\"elementor-widget-container\">\n\t\t\t\t\t\t\t<div class=\"elementor-spacer\">\n\t\t\t<div class=\"elementor-spacer-inner\"><\/div>\n\t\t<\/div>\n\t\t\t\t\t\t<\/div>\n\t\t\t\t<\/div>\n\t\t\t\t\t<\/div>\n\t\t<\/div>\n\t\t\t\t\t<\/div>\n\t\t<\/section>\n\t\t\t\t<\/div>\n\t\t","protected":false},"excerpt":{"rendered":"<p>Une cinquantaine d&#8217;ensembles (table et bancs) ont ainsi \u00e9t\u00e9 vendus en 2017 et, cette ann\u00e9e, la production devrait doubler.<\/p>\n","protected":false},"author":1,"featured_media":8070,"comment_status":"closed","ping_status":"open","sticky":false,"template":"elementor_header_footer","format":"standard","meta":{"_acf_changed":false,"_seopress_robots_primary_cat":"","_seopress_titles_title":"","_seopress_titles_desc":"","_seopress_robots_index":"","footnotes":""},"categories":[203],"tags":[],"class_list":["post-10225","post","type-post","status-publish","format-standard","has-post-thumbnail","hentry","category-waw-nl"],"acf":[],"_links":{"self":[{"href":"https:\/\/bandi.design\/nl\/wp-json\/wp\/v2\/posts\/10225","targetHints":{"allow":["GET"]}}],"collection":[{"href":"https:\/\/bandi.design\/nl\/wp-json\/wp\/v2\/posts"}],"about":[{"href":"https:\/\/bandi.design\/nl\/wp-json\/wp\/v2\/types\/post"}],"author":[{"embeddable":true,"href":"https:\/\/bandi.design\/nl\/wp-json\/wp\/v2\/users\/1"}],"replies":[{"embeddable":true,"href":"https:\/\/bandi.design\/nl\/wp-json\/wp\/v2\/comments?post=10225"}],"version-history":[{"count":0,"href":"https:\/\/bandi.design\/nl\/wp-json\/wp\/v2\/posts\/10225\/revisions"}],"wp:featuredmedia":[{"embeddable":true,"href":"https:\/\/bandi.design\/nl\/wp-json\/wp\/v2\/media\/8070"}],"wp:attachment":[{"href":"https:\/\/bandi.design\/nl\/wp-json\/wp\/v2\/media?parent=10225"}],"wp:term":[{"taxonomy":"category","embeddable":true,"href":"https:\/\/bandi.design\/nl\/wp-json\/wp\/v2\/categories?post=10225"},{"taxonomy":"post_tag","embeddable":true,"href":"https:\/\/bandi.design\/nl\/wp-json\/wp\/v2\/tags?post=10225"}],"curies":[{"name":"wp","href":"https:\/\/api.w.org\/{rel}","templated":true}]}}