{"id":10229,"date":"2022-06-29T07:35:16","date_gmt":"2022-06-29T07:35:16","guid":{"rendered":"https:\/\/bandi.design\/bandi-le-mobilier-contemporain-100-made-in-wallonie\/"},"modified":"2022-06-29T07:35:17","modified_gmt":"2022-06-29T07:35:17","slug":"bandi-le-mobilier-contemporain-100-made-in-wallonie","status":"publish","type":"post","link":"https:\/\/bandi.design\/nl\/bandi-le-mobilier-contemporain-100-made-in-wallonie\/","title":{"rendered":"Bandi : le mobilier contemporain 100% made in Wallonie"},"content":{"rendered":"\t\t<div data-elementor-type=\"wp-post\" data-elementor-id=\"10229\" class=\"elementor elementor-10229 elementor-388 elementor-bc-flex-widget\" data-elementor-post-type=\"post\">\n\t\t\t\t\t\t<section class=\"has_eae_slider elementor-section elementor-top-section elementor-element elementor-element-3164588 elementor-section-stretched elementor-section-boxed elementor-section-height-default elementor-section-height-default\" data-eae-slider=\"32462\" data-id=\"3164588\" data-element_type=\"section\" data-settings=\"{&quot;stretch_section&quot;:&quot;section-stretched&quot;}\">\n\t\t\t\t\t\t<div class=\"elementor-container elementor-column-gap-default\">\n\t\t\t\t\t<div class=\"has_eae_slider elementor-column elementor-col-100 elementor-top-column elementor-element elementor-element-19a7153\" data-eae-slider=\"39709\" data-id=\"19a7153\" data-element_type=\"column\">\n\t\t\t<div class=\"elementor-widget-wrap elementor-element-populated\">\n\t\t\t\t\t\t<div class=\"elementor-element elementor-element-ce81f38 elementor-widget elementor-widget-image\" data-id=\"ce81f38\" data-element_type=\"widget\" data-widget_type=\"image.default\">\n\t\t\t\t<div class=\"elementor-widget-container\">\n\t\t\t\t\t\t\t\t\t\t\t\t\t\t\t<img fetchpriority=\"high\" decoding=\"async\" width=\"1050\" height=\"460\" src=\"https:\/\/bandi.design\/wp-content\/uploads\/2018\/12\/bandi5.jpg\" class=\"attachment-full size-full wp-image-8068 wvs-archive-product-image\" alt=\"\" srcset=\"https:\/\/bandi.design\/wp-content\/uploads\/2018\/12\/bandi5.jpg 1050w, https:\/\/bandi.design\/wp-content\/uploads\/2018\/12\/bandi5-600x263.jpg 600w, https:\/\/bandi.design\/wp-content\/uploads\/2018\/12\/bandi5-300x131.jpg 300w, https:\/\/bandi.design\/wp-content\/uploads\/2018\/12\/bandi5-768x336.jpg 768w, https:\/\/bandi.design\/wp-content\/uploads\/2018\/12\/bandi5-1024x449.jpg 1024w\" sizes=\"(max-width: 1050px) 100vw, 1050px\" \/>\t\t\t\t\t\t\t\t\t\t\t\t\t\t\t<\/div>\n\t\t\t\t<\/div>\n\t\t\t\t<section class=\"has_eae_slider elementor-section elementor-inner-section elementor-element elementor-element-ff0cc9c elementor-section-boxed elementor-section-height-default elementor-section-height-default\" data-eae-slider=\"84804\" data-id=\"ff0cc9c\" data-element_type=\"section\">\n\t\t\t\t\t\t<div class=\"elementor-container elementor-column-gap-default\">\n\t\t\t\t\t<div class=\"has_eae_slider elementor-column elementor-col-50 elementor-inner-column elementor-element elementor-element-d3ffacb\" data-eae-slider=\"44123\" data-id=\"d3ffacb\" data-element_type=\"column\">\n\t\t\t<div class=\"elementor-widget-wrap elementor-element-populated\">\n\t\t\t\t\t\t<div class=\"elementor-element elementor-element-8a2a4ac elementor-button-success elementor-align-center elementor-widget elementor-widget-button\" data-id=\"8a2a4ac\" data-element_type=\"widget\" data-widget_type=\"button.default\">\n\t\t\t\t<div class=\"elementor-widget-container\">\n\t\t\t\t\t\t\t\t\t<div class=\"elementor-button-wrapper\">\n\t\t\t\t\t<a class=\"elementor-button elementor-button-link elementor-size-sm elementor-animation-grow\" href=\"https:\/\/www.bandi.design\/wp-content\/uploads\/2018\/12\/Article-Bandi_SoSoir_180421.pdf\">\n\t\t\t\t\t\t<span class=\"elementor-button-content-wrapper\">\n\t\t\t\t\t\t<span class=\"elementor-button-icon\">\n\t\t\t\t\t\t\t\t\t<i class=\"fa fa-download\" aria-hidden=\"true\"><\/i>\n\t\t\t\t\t\t\t<\/span>\n\t\t\t\t\t\t\t\t\t<span class=\"elementor-button-text\">T\u00e9l\u00e9charger l'article<\/span>\n\t\t\t\t\t<\/span>\n\t\t\t\t\t<\/a>\n\t\t\t\t<\/div>\n\t\t\t\t\t\t\t\t<\/div>\n\t\t\t\t<\/div>\n\t\t\t\t\t<\/div>\n\t\t<\/div>\n\t\t\t\t<div class=\"has_eae_slider elementor-column elementor-col-50 elementor-inner-column elementor-element elementor-element-37dfebb\" data-eae-slider=\"10236\" data-id=\"37dfebb\" data-element_type=\"column\">\n\t\t\t<div class=\"elementor-widget-wrap elementor-element-populated\">\n\t\t\t\t\t\t<div class=\"elementor-element elementor-element-cb7c9c2 elementor-button-info elementor-align-center elementor-widget elementor-widget-button\" data-id=\"cb7c9c2\" data-element_type=\"widget\" data-widget_type=\"button.default\">\n\t\t\t\t<div class=\"elementor-widget-container\">\n\t\t\t\t\t\t\t\t\t<div class=\"elementor-button-wrapper\">\n\t\t\t\t\t<a class=\"elementor-button elementor-button-link elementor-size-sm elementor-animation-grow\" href=\"https:\/\/sosoir.lesoir.be\/bandi-le-mobilier-contemporain-100-made-wallonie\" target=\"_blank\">\n\t\t\t\t\t\t<span class=\"elementor-button-content-wrapper\">\n\t\t\t\t\t\t<span class=\"elementor-button-icon\">\n\t\t\t\t\t\t\t\t\t<i class=\"fa fa-book\" aria-hidden=\"true\"><\/i>\n\t\t\t\t\t\t\t<\/span>\n\t\t\t\t\t\t\t\t\t<span class=\"elementor-button-text\">Voir l'article sur le site : Le Soir<\/span>\n\t\t\t\t\t<\/span>\n\t\t\t\t\t<\/a>\n\t\t\t\t<\/div>\n\t\t\t\t\t\t\t\t<\/div>\n\t\t\t\t<\/div>\n\t\t\t\t\t<\/div>\n\t\t<\/div>\n\t\t\t\t\t<\/div>\n\t\t<\/section>\n\t\t\t\t<div class=\"elementor-element elementor-element-720a735 elementor-widget elementor-widget-text-editor\" data-id=\"720a735\" data-element_type=\"widget\" data-widget_type=\"text-editor.default\">\n\t\t\t\t<div class=\"elementor-widget-container\">\n\t\t\t\t\t\t\t\t\t<div align=\"justify\"><header class=\"wrapper entry-header page-header\"><p class=\"title-text single-title\">Cr\u00e9er des pi\u00e8ces de mobilier \u00e9labor\u00e9es et produites en Wallonie : un pari relev\u00e9 (et r\u00e9ussi) par le duo li\u00e9geois \u00e0 l\u2019origine du label Bandi.<\/p><div class=\"signature\">PAR MARIE HONNAY. PHOTOS D.R. | <time class=\"entry-date updated\">LE 07 MAI 2018<\/time><\/div><\/header><div class=\"wrapper\"><div class=\"grid-8 column-1\"><div class=\"pad\"><div class=\"single-box clearfix entry-content\"><p>Bandi, c\u2019est une histoire de famille. Celle de deux cousins, Olivier Collette et Thomas Crucifix, aux profils compl\u00e9mentaires. Le premier est architecte. L\u2019autre form\u00e9 pour d\u00e9velopper des id\u00e9es marketing de choc et les commercialiser. Ensemble, ils ont lanc\u00e9 Bandi, un label centr\u00e9 sur un monoproduit : une table et un banc en aluminium, con\u00e7us pour une utilisation en int\u00e9rieur et en ext\u00e9rieur, enti\u00e8rement produits en Wallonie et distribu\u00e9s en circuit court. Rencontre \u00e0 Li\u00e8ge, l\u00e0 o\u00f9 tout a commenc\u00e9, avec Thomas, celui dans la t\u00eate de qui l\u2019aventure Bandi a germ\u00e9 en premier.<\/p><p><strong>Comme cette aventure est-elle n\u00e9e ?<\/strong><\/p><p>Nous ne sommes ni l\u2019un ni l\u2019autre des designers. \u00c0 l\u2019origine, j\u2019ai dessin\u00e9 ce simple banc pour moi, \u00e0 l\u2019instinct, pour r\u00e9pondre \u00e0 un r\u00e9el besoin. Je ne trouvais pas ce que je voulais sur le march\u00e9. En tout cas pas \u00e0 un prix qui me convenait. Lorsque j\u2019ai eu l\u2019id\u00e9e de le commercialiser, on m\u2019a conseill\u00e9 d\u2019ajouter une table. Et quand il a fallu plancher sur des solutions techniques pour produire ces deux pi\u00e8ces \u00e0 plus grande \u00e9chelle \u00e0 des co\u00fbts acceptables, Olivier est intervenu. Il m\u2019a aid\u00e9 \u00e0 affiner le produit, \u00e0 corriger certaines lignes pour am\u00e9liorer l\u2019esth\u00e9tique et r\u00e9duire les co\u00fbts de fabrication. <\/p><div class=\"image_encadre\"><img decoding=\"async\" src=\"https:\/\/sosoir.lesoir.be\/sites\/default\/files\/styles\/image_690x460\/public\/encadre\/photo_9.jpg?itok=frlC6syk\"><\/div><h3> <\/h3><p><strong>Pourquoi vous \u00eates-vous lanc\u00e9s ce d\u00e9fi du \u201cmade in Wallonie\u201d ?<\/strong><\/p><p>D\u2019abord par conviction. Parce que j\u2019en avais marre du pessimisme wallon, des gens qui se plaignent de la concurrence chinoise sans r\u00e9agir ou qui se lamentent sur la fin de la sid\u00e9rurgie wallonne. Avec Bandi, nous avons opt\u00e9 pour l\u2019action. En Wallonie, dans le secteur du design, il y a beaucoup de petits artisans de talent, mais peu de marques.<br>Et parmi celles qui existent, la majorit\u00e9 se contentent de finaliser leur produit en Wallonie. Le reste est fait ailleurs. D\u2019o\u00f9 notre volont\u00e9 de cr\u00e9er un label 100 % wallon avec de vraies ambitions \u00e0 l\u2019international. En 2017, nous avons vendu 50 ensembles (table et bancs). Nous pensons doubler ce chiffre en 2018. <\/p><p><strong>Vous dites dans votre communication avoir voulu cr\u00e9er un produit \u201cconvivial\u201d. Au-del\u00e0 du message marketing, qu\u2019entendez-vous par l\u00e0 ?<\/strong><\/p><p>\u00c0 mon sens, un beau design est de l\u2019ordre de l\u2019\u00e9motion. Comme je l\u2019ai dit, le banc \u00e9tait, \u00e0 l\u2019origine, destin\u00e9 \u00e0 s\u2019int\u00e9grer dans mon habitation. Ma maison, je l\u2019ai con\u00e7ue comme une grande salle des f\u00eates (il rit). Un lieu o\u00f9 l\u2019on peut improviser un d\u00eener \u00e0 dix personnes autour d\u2019une bouteille de vin et d\u2019un plat de p\u00e2tes&#8230; <\/p><div class=\"image_encadre\"><img decoding=\"async\" src=\"https:\/\/sosoir.lesoir.be\/sites\/default\/files\/styles\/image_690x460\/public\/encadre\/ds4_2466.jpg?itok=sctxMwj9\"><\/div><h3> <\/h3><p><strong>Le mobilier Bandi est con\u00e7u tant pour l\u2019int\u00e9rieur que pour l\u2019ext\u00e9rieur. Quel cr\u00e9neau fonctionne le mieux ?<\/strong><\/p><p>Le march\u00e9 du jardin constitue 65 % de nos ventes, mais nous avons \u00e9galement plac\u00e9 la table dans des bureaux d\u2019architecture, des habitations. D\u2019embl\u00e9e, je n\u2019ai pas voulu me cantonner \u00e0 un cr\u00e9neau que je savais trop \u201cniche\u201d. Bandi est un produit qui peut se vendre toute l\u2019ann\u00e9e. La table est disponible dans huit couleurs et bien plus sur demande.<\/p><p><strong>La personnalisation, c\u2019est aussi un concept marketing tr\u00e8s vendeur ?<\/strong><\/p><p>Oui, mais l\u00e0 encore, ce choix cadre avec la philosophie de Bandi. Nous avons opt\u00e9 pour une politique tarifaire archi-transparente. Tous nos prix figurent sur notre site. Peu d\u2019acteurs du secteur peuvent en dire autant. Lorsque la couleur choisie par le client est disponible chez le fabricant, nous la proposons \u00e0 nos clients sans suppl\u00e9ment. Voir notre table d\u00e9clin\u00e9e en orange ou en fuchsia nous amuse beaucoup. Et c\u2019est \u00e9videmment une excellente vitrine. <\/p><div class=\"image_encadre\"><img decoding=\"async\" src=\"https:\/\/sosoir.lesoir.be\/sites\/default\/files\/styles\/image_690x460\/public\/encadre\/prod_5.jpg?itok=az1fByhJ\"><\/div><h3> <\/h3><p><strong>Vers quel type de partenaires wallons vous \u00eates-vous tourn\u00e9s pour la production ?<\/strong><\/p><p>Nous travaillons avec trois sous-traitants : RG Georis, \u00e0 Roms\u00e9e, pr\u00e8s de Li\u00e8ge, pour la mati\u00e8re premi\u00e8re. Cette soci\u00e9t\u00e9 qui nous livre les kits en aluminium travaille pour des designers connus comme Xavier Lust. Les kits sont ensuite envoy\u00e9s chez Prosoudure \u00e0 Seraing avant d\u2019\u00eatre microsabl\u00e9s et poudr\u00e9s chez Fr\u00e9deric Walhin \u00e0 Ouffet. Depuis le lancement de Bandi, deux ouvriers ont pu \u00eatre engag\u00e9s par ces soci\u00e9t\u00e9s pour assurer la production de notre mobilier. Cette dynamique cadre avec notre philosophie.<\/p><p><strong>On critique beaucoup la fast fashion. Pensez-vous que ce genre de pr\u00e9occupations agite aussi le secteur du mobilier ?<\/strong><\/p><p>Nos clients sont en tout cas tr\u00e8s sensibles \u00e0 l\u2019aspect local de la production. Sans avoir vraiment \u00e9tabli de statistiques pr\u00e9cises \u00e0 ce niveau, je dirais que cette notion intervient \u00e0 50 % dans la d\u00e9cision d\u2019achat. Les gens veulent des produits durables \u00e0 prix juste. Pour une marque comme la n\u00f4tre, \u00e7a passe par une r\u00e9flexion globale. Lorsque nous avons envisag\u00e9 d\u2019exporter le concept en Afrique du Sud, nous nous sommes rendu compte que l\u00e0-bas, les co\u00fbts de production \u00e9taient plus \u00e9lev\u00e9s que chez nous. Preuve qu\u2019on peut faire de belles choses \u00e0 prix ma\u00eetris\u00e9s en Wallonie. <\/p><div class=\"image_encadre\"><img decoding=\"async\" src=\"https:\/\/sosoir.lesoir.be\/sites\/default\/files\/styles\/image_690x460\/public\/encadre\/prod_6.jpg?itok=05Vwwu2d\"><\/div><h3> <\/h3><p><strong>Le circuit court et la vente sans interm\u00e9diaire, c\u2019est une nouvelle piste pour le secteur du design ?<\/strong><\/p><p>Compte tenu de notre politique tarifaire, c\u2019\u00e9tait une obligation. Passer par des distributeurs nous obligerait \u00e0 majorer nos prix de 30 %. Nous travaillons donc avec des prescripteurs (des architectes principalement) et des partenaires locaux, qui pr\u00e9sentent notre mobilier et nous offrent une visibilit\u00e9 directe. Nous aimons d\u2019ailleurs dire que nous avons remplac\u00e9 le concept de \u201cpoint de vente\u201c par celui de \u201cpoint de vue\u201c. Il est n\u00e9cessaire que les clients puissent voir et toucher le produit avant de se d\u00e9cider. Et ce, dans un rayon de 50 kilom\u00e8tres autour de leur lieu d\u2019habitation.<\/p><p><strong>Votre id\u00e9e est-elle de rester sur un concept de monoproduit ?<\/strong><\/p><p>Pour l\u2019instant, oui. Nous avons lanc\u00e9 la marque, il y a un an et demi. Il faut nous laisser le temps de l\u2019asseoir. Prenez une soci\u00e9t\u00e9 comme Fatboy, par exemple. Ils ont d\u00e9marr\u00e9 avec un produit fort : le pouf. Puis, dans un second temps, ils ont lanc\u00e9 des produits annexes. Nous planchons actuellement sur la d\u00e9clinaison de la table en version basse et haute, mais rien ne sera lanc\u00e9 avant 2019. <\/p><div class=\"image_encadre\"><img decoding=\"async\" src=\"https:\/\/sosoir.lesoir.be\/sites\/default\/files\/styles\/image_690x460\/public\/encadre\/bandi_12.jpg?itok=L6L0coPO\"><\/div><h3> <\/h3><p><strong>Peut-on vous appeler les \u201dbandits\u201d wallons du design ?<\/strong><\/p><p>Ce qui est certain, c\u2019est que nous voulons casser les codes et proposer une autre approche du design. Au moment de son lancement, pour faire le buzz autour du produit, nous avions organis\u00e9 un barbecue clandestin devant la gare de Li\u00e8ge en collaboration avec Tole, une autre marque wallonne sp\u00e9cialis\u00e9e dans le brasero en acier Corten. La police nous a d\u00e9log\u00e9s au bout de six secondes (il rit), mais l\u2019intention \u00e9tait claire : v\u00e9hiculer un message fun, local et d\u00e9complex\u00e9.<\/p><\/div><\/div><\/div><\/div><\/div>\t\t\t\t\t\t\t\t<\/div>\n\t\t\t\t<\/div>\n\t\t\t\t\t<\/div>\n\t\t<\/div>\n\t\t\t\t\t<\/div>\n\t\t<\/section>\n\t\t\t\t<section class=\"has_eae_slider elementor-section elementor-top-section elementor-element elementor-element-bd62a7c elementor-section-boxed elementor-section-height-default elementor-section-height-default\" data-eae-slider=\"19709\" data-id=\"bd62a7c\" data-element_type=\"section\">\n\t\t\t\t\t\t<div class=\"elementor-container elementor-column-gap-default\">\n\t\t\t\t\t<div class=\"has_eae_slider elementor-column elementor-col-100 elementor-top-column elementor-element elementor-element-8605b88\" data-eae-slider=\"4310\" data-id=\"8605b88\" data-element_type=\"column\">\n\t\t\t<div class=\"elementor-widget-wrap elementor-element-populated\">\n\t\t\t\t\t\t<div class=\"elementor-element elementor-element-3901c91 elementor-cta--skin-cover elementor-animated-content elementor-bg-transform elementor-bg-transform-zoom-in elementor-widget elementor-widget-call-to-action\" data-id=\"3901c91\" data-element_type=\"widget\" data-widget_type=\"call-to-action.default\">\n\t\t\t\t<div class=\"elementor-widget-container\">\n\t\t\t\t\t\t\t<div class=\"elementor-cta\">\n\t\t\t\t\t<div class=\"elementor-cta__bg-wrapper\">\n\t\t\t\t<div class=\"elementor-cta__bg elementor-bg\" style=\"background-image: url(https:\/\/bandi.design\/wp-content\/uploads\/2018\/12\/IMG_0317-1.jpg);\" role=\"img\" aria-label=\"IMG_0317\"><\/div>\n\t\t\t\t<div class=\"elementor-cta__bg-overlay\"><\/div>\n\t\t\t<\/div>\n\t\t\t\t\t\t\t<div class=\"elementor-cta__content\">\n\t\t\t\t\n\t\t\t\t\t\t\t\t\t<h2 class=\"elementor-cta__title elementor-cta__content-item elementor-content-item elementor-animated-item--grow\">\n\t\t\t\t\t\tBandi Design\t\t\t\t\t<\/h2>\n\t\t\t\t\n\t\t\t\t\n\t\t\t\t\t\t\t\t\t<div class=\"elementor-cta__button-wrapper elementor-cta__content-item elementor-content-item elementor-animated-item--grow\">\n\t\t\t\t\t<a class=\"elementor-cta__button elementor-button elementor-size-\" href=\"https:\/\/www.bandi.design\/contactez-nous\/\">\n\t\t\t\t\t\tDemandez un rendez-vous\t\t\t\t\t<\/a>\n\t\t\t\t\t<\/div>\n\t\t\t\t\t\t\t<\/div>\n\t\t\t\t\t\t<\/div>\n\t\t\t\t\t\t<\/div>\n\t\t\t\t<\/div>\n\t\t\t\t<div class=\"elementor-element elementor-element-b739f40 elementor-widget elementor-widget-spacer\" data-id=\"b739f40\" data-element_type=\"widget\" data-widget_type=\"spacer.default\">\n\t\t\t\t<div class=\"elementor-widget-container\">\n\t\t\t\t\t\t\t<div class=\"elementor-spacer\">\n\t\t\t<div class=\"elementor-spacer-inner\"><\/div>\n\t\t<\/div>\n\t\t\t\t\t\t<\/div>\n\t\t\t\t<\/div>\n\t\t\t\t\t<\/div>\n\t\t<\/div>\n\t\t\t\t\t<\/div>\n\t\t<\/section>\n\t\t\t\t<\/div>\n\t\t","protected":false},"excerpt":{"rendered":"<p>Cr\u00e9er des pi\u00e8ces de mobilier \u00e9labor\u00e9es et produites en Wallonie : un pari relev\u00e9 (et r\u00e9ussi) par le duo li\u00e9geois \u00e0 l\u2019origine du label Bandi.<\/p>\n","protected":false},"author":1,"featured_media":8068,"comment_status":"closed","ping_status":"open","sticky":false,"template":"elementor_header_footer","format":"standard","meta":{"_acf_changed":false,"_seopress_robots_primary_cat":"","_seopress_titles_title":"","_seopress_titles_desc":"","_seopress_robots_index":"","footnotes":""},"categories":[205],"tags":[],"class_list":["post-10229","post","type-post","status-publish","format-standard","has-post-thumbnail","hentry","category-le-soir-nl"],"acf":[],"_links":{"self":[{"href":"https:\/\/bandi.design\/nl\/wp-json\/wp\/v2\/posts\/10229","targetHints":{"allow":["GET"]}}],"collection":[{"href":"https:\/\/bandi.design\/nl\/wp-json\/wp\/v2\/posts"}],"about":[{"href":"https:\/\/bandi.design\/nl\/wp-json\/wp\/v2\/types\/post"}],"author":[{"embeddable":true,"href":"https:\/\/bandi.design\/nl\/wp-json\/wp\/v2\/users\/1"}],"replies":[{"embeddable":true,"href":"https:\/\/bandi.design\/nl\/wp-json\/wp\/v2\/comments?post=10229"}],"version-history":[{"count":0,"href":"https:\/\/bandi.design\/nl\/wp-json\/wp\/v2\/posts\/10229\/revisions"}],"wp:featuredmedia":[{"embeddable":true,"href":"https:\/\/bandi.design\/nl\/wp-json\/wp\/v2\/media\/8068"}],"wp:attachment":[{"href":"https:\/\/bandi.design\/nl\/wp-json\/wp\/v2\/media?parent=10229"}],"wp:term":[{"taxonomy":"category","embeddable":true,"href":"https:\/\/bandi.design\/nl\/wp-json\/wp\/v2\/categories?post=10229"},{"taxonomy":"post_tag","embeddable":true,"href":"https:\/\/bandi.design\/nl\/wp-json\/wp\/v2\/tags?post=10229"}],"curies":[{"name":"wp","href":"https:\/\/api.w.org\/{rel}","templated":true}]}}