{"id":10231,"date":"2022-06-29T07:35:32","date_gmt":"2022-06-29T07:35:32","guid":{"rendered":"https:\/\/bandi.design\/made-in-wallonie\/"},"modified":"2022-06-29T07:35:33","modified_gmt":"2022-06-29T07:35:33","slug":"made-in-wallonie","status":"publish","type":"post","link":"https:\/\/bandi.design\/nl\/made-in-wallonie\/","title":{"rendered":"Made in Wallonie"},"content":{"rendered":"\t\t<div data-elementor-type=\"wp-post\" data-elementor-id=\"10231\" class=\"elementor elementor-10231 elementor-453 elementor-bc-flex-widget\" data-elementor-post-type=\"post\">\n\t\t\t\t\t\t<section class=\"has_eae_slider elementor-section elementor-top-section elementor-element elementor-element-33946a6 elementor-section-boxed elementor-section-height-default elementor-section-height-default\" data-eae-slider=\"35954\" data-id=\"33946a6\" data-element_type=\"section\">\n\t\t\t\t\t\t<div class=\"elementor-container elementor-column-gap-default\">\n\t\t\t\t\t<div class=\"has_eae_slider elementor-column elementor-col-100 elementor-top-column elementor-element elementor-element-0145671\" data-eae-slider=\"55338\" data-id=\"0145671\" data-element_type=\"column\">\n\t\t\t<div class=\"elementor-widget-wrap elementor-element-populated\">\n\t\t\t\t\t\t<div class=\"elementor-element elementor-element-b0b5708 elementor-widget elementor-widget-image\" data-id=\"b0b5708\" data-element_type=\"widget\" data-widget_type=\"image.default\">\n\t\t\t\t<div class=\"elementor-widget-container\">\n\t\t\t\t\t\t\t\t\t\t\t\t\t\t\t<img fetchpriority=\"high\" decoding=\"async\" width=\"1280\" height=\"850\" src=\"https:\/\/bandi.design\/wp-content\/uploads\/2018\/12\/Photo-7-2.jpg\" class=\"attachment-full size-full wp-image-8072 wvs-archive-product-image\" alt=\"\" srcset=\"https:\/\/bandi.design\/wp-content\/uploads\/2018\/12\/Photo-7-2.jpg 1280w, https:\/\/bandi.design\/wp-content\/uploads\/2018\/12\/Photo-7-2-600x398.jpg 600w, https:\/\/bandi.design\/wp-content\/uploads\/2018\/12\/Photo-7-2-300x199.jpg 300w, https:\/\/bandi.design\/wp-content\/uploads\/2018\/12\/Photo-7-2-768x510.jpg 768w, https:\/\/bandi.design\/wp-content\/uploads\/2018\/12\/Photo-7-2-1024x680.jpg 1024w\" sizes=\"(max-width: 1280px) 100vw, 1280px\" \/>\t\t\t\t\t\t\t\t\t\t\t\t\t\t\t<\/div>\n\t\t\t\t<\/div>\n\t\t\t\t<section class=\"has_eae_slider elementor-section elementor-inner-section elementor-element elementor-element-fa4138d elementor-section-boxed elementor-section-height-default elementor-section-height-default\" data-eae-slider=\"92534\" data-id=\"fa4138d\" data-element_type=\"section\">\n\t\t\t\t\t\t<div class=\"elementor-container elementor-column-gap-default\">\n\t\t\t\t\t<div class=\"has_eae_slider elementor-column elementor-col-50 elementor-inner-column elementor-element elementor-element-7f7b044\" data-eae-slider=\"16164\" data-id=\"7f7b044\" data-element_type=\"column\">\n\t\t\t<div class=\"elementor-widget-wrap elementor-element-populated\">\n\t\t\t\t\t\t<div class=\"elementor-element elementor-element-99cf137 elementor-button-success elementor-align-center elementor-widget elementor-widget-button\" data-id=\"99cf137\" data-element_type=\"widget\" data-widget_type=\"button.default\">\n\t\t\t\t<div class=\"elementor-widget-container\">\n\t\t\t\t\t\t\t\t\t<div class=\"elementor-button-wrapper\">\n\t\t\t\t\t<a class=\"elementor-button elementor-button-link elementor-size-sm elementor-animation-grow\" href=\"https:\/\/www.bandi.design\/wp-content\/uploads\/2018\/12\/Article-Le_VIF_Weekend_couverture_170505_FACEBOOK.jpg\" target=\"_blank\">\n\t\t\t\t\t\t<span class=\"elementor-button-content-wrapper\">\n\t\t\t\t\t\t<span class=\"elementor-button-icon\">\n\t\t\t\t\t\t\t\t\t<i class=\"fa fa-download\" aria-hidden=\"true\"><\/i>\n\t\t\t\t\t\t\t<\/span>\n\t\t\t\t\t\t\t\t\t<span class=\"elementor-button-text\">T\u00e9l\u00e9charger l'article<\/span>\n\t\t\t\t\t<\/span>\n\t\t\t\t\t<\/a>\n\t\t\t\t<\/div>\n\t\t\t\t\t\t\t\t<\/div>\n\t\t\t\t<\/div>\n\t\t\t\t\t<\/div>\n\t\t<\/div>\n\t\t\t\t<div class=\"has_eae_slider elementor-column elementor-col-50 elementor-inner-column elementor-element elementor-element-aaf795b\" data-eae-slider=\"57516\" data-id=\"aaf795b\" data-element_type=\"column\">\n\t\t\t<div class=\"elementor-widget-wrap elementor-element-populated\">\n\t\t\t\t\t\t<div class=\"elementor-element elementor-element-008a69a elementor-button-info elementor-align-center elementor-widget elementor-widget-button\" data-id=\"008a69a\" data-element_type=\"widget\" data-widget_type=\"button.default\">\n\t\t\t\t<div class=\"elementor-widget-container\">\n\t\t\t\t\t\t\t\t\t<div class=\"elementor-button-wrapper\">\n\t\t\t\t\t<a class=\"elementor-button elementor-button-link elementor-size-sm elementor-animation-grow\" href=\"https:\/\/weekend.levif.be\/lifestyle\/magazine\/made-in-wallonie\/article-normal-652779.html?cookie_check=1545571007\" target=\"_blank\">\n\t\t\t\t\t\t<span class=\"elementor-button-content-wrapper\">\n\t\t\t\t\t\t<span class=\"elementor-button-icon\">\n\t\t\t\t\t\t\t\t\t<i class=\"fa fa-book\" aria-hidden=\"true\"><\/i>\n\t\t\t\t\t\t\t<\/span>\n\t\t\t\t\t\t\t\t\t<span class=\"elementor-button-text\">Voir l'article sur le site : Le Vif<\/span>\n\t\t\t\t\t<\/span>\n\t\t\t\t\t<\/a>\n\t\t\t\t<\/div>\n\t\t\t\t\t\t\t\t<\/div>\n\t\t\t\t<\/div>\n\t\t\t\t\t<\/div>\n\t\t<\/div>\n\t\t\t\t\t<\/div>\n\t\t<\/section>\n\t\t\t\t<div class=\"elementor-element elementor-element-f49c39c elementor-widget elementor-widget-text-editor\" data-id=\"f49c39c\" data-element_type=\"widget\" data-widget_type=\"text-editor.default\">\n\t\t\t\t<div class=\"elementor-widget-container\">\n\t\t\t\t\t\t\t\t\t<p>N\u00e9 en 2015 suite \u00e0 une collaboration entre deux cousins, Bandi fa\u00e7onne du mobilier 100% made in Wallonie. Thomas Crucifix et Olivier Collette, passionn\u00e9s de design, ont d\u00e9cid\u00e9 de se lancer dans l&#8217;aventure car ils ne trouvaient pas leur bonheur sur le march\u00e9. Une table et un banc plus tard, fabriqu\u00e9s enti\u00e8rement en aluminium, les deux acolytes ont d\u00e9barqu\u00e9 dans le secteur fin 2016. <\/p><p>Con\u00e7us pour l&#8217;int\u00e9rieur comme pour l&#8217;ext\u00e9rieur, leurs produits sont imagin\u00e9s pour traverser les ann\u00e9es. Objectifs : proposer des pi\u00e8ces haut de gramme et de qualit\u00e9, mais \u00e0 un prix plus d\u00e9mocratique de leurs concurrents - tous flamands. Pour r\u00e9duire ses co\u00fbts, le duo a choisi de vendre ses meubles exclisuvement sur son site Web, gr\u00e2ce aux r\u00e9seaux sociaux et via un r\u00e9seau de prescripteurs compos\u00e9 de professionnels du domaine de l&#8217;am\u00e9nagement. Plus qu&#8217;un label, c&#8217;est une histoire et un esprit de convivialit\u00e9 que le tandem revendique et transmet \u00e0 travers ses cr\u00e9ations. <strong>E.S.<\/strong><\/p>\t\t\t\t\t\t\t\t<\/div>\n\t\t\t\t<\/div>\n\t\t\t\t\t<\/div>\n\t\t<\/div>\n\t\t\t\t\t<\/div>\n\t\t<\/section>\n\t\t\t\t<section class=\"has_eae_slider elementor-section elementor-top-section elementor-element elementor-element-5979856 elementor-section-boxed elementor-section-height-default elementor-section-height-default\" data-eae-slider=\"29271\" data-id=\"5979856\" data-element_type=\"section\">\n\t\t\t\t\t\t<div class=\"elementor-container elementor-column-gap-default\">\n\t\t\t\t\t<div class=\"has_eae_slider elementor-column elementor-col-100 elementor-top-column elementor-element elementor-element-83bc9e1\" data-eae-slider=\"39009\" data-id=\"83bc9e1\" data-element_type=\"column\">\n\t\t\t<div class=\"elementor-widget-wrap elementor-element-populated\">\n\t\t\t\t\t\t<div class=\"elementor-element elementor-element-c3180d2 elementor-cta--skin-cover elementor-animated-content elementor-bg-transform elementor-bg-transform-zoom-in elementor-widget elementor-widget-call-to-action\" data-id=\"c3180d2\" data-element_type=\"widget\" data-widget_type=\"call-to-action.default\">\n\t\t\t\t<div class=\"elementor-widget-container\">\n\t\t\t\t\t\t\t<div class=\"elementor-cta\">\n\t\t\t\t\t<div class=\"elementor-cta__bg-wrapper\">\n\t\t\t\t<div class=\"elementor-cta__bg elementor-bg\" style=\"background-image: url(https:\/\/bandi.design\/wp-content\/uploads\/2018\/12\/IMG_0317-1.jpg);\" role=\"img\" aria-label=\"IMG_0317\"><\/div>\n\t\t\t\t<div class=\"elementor-cta__bg-overlay\"><\/div>\n\t\t\t<\/div>\n\t\t\t\t\t\t\t<div class=\"elementor-cta__content\">\n\t\t\t\t\n\t\t\t\t\t\t\t\t\t<h2 class=\"elementor-cta__title elementor-cta__content-item elementor-content-item elementor-animated-item--grow\">\n\t\t\t\t\t\tBandi Design\t\t\t\t\t<\/h2>\n\t\t\t\t\n\t\t\t\t\n\t\t\t\t\t\t\t\t\t<div class=\"elementor-cta__button-wrapper elementor-cta__content-item elementor-content-item elementor-animated-item--grow\">\n\t\t\t\t\t<a class=\"elementor-cta__button elementor-button elementor-size-\" href=\"https:\/\/www.bandi.design\/contactez-nous\/\">\n\t\t\t\t\t\tDemandez un rendez-vous\t\t\t\t\t<\/a>\n\t\t\t\t\t<\/div>\n\t\t\t\t\t\t\t<\/div>\n\t\t\t\t\t\t<\/div>\n\t\t\t\t\t\t<\/div>\n\t\t\t\t<\/div>\n\t\t\t\t<div class=\"elementor-element elementor-element-cb09412 elementor-widget elementor-widget-spacer\" data-id=\"cb09412\" data-element_type=\"widget\" data-widget_type=\"spacer.default\">\n\t\t\t\t<div class=\"elementor-widget-container\">\n\t\t\t\t\t\t\t<div class=\"elementor-spacer\">\n\t\t\t<div class=\"elementor-spacer-inner\"><\/div>\n\t\t<\/div>\n\t\t\t\t\t\t<\/div>\n\t\t\t\t<\/div>\n\t\t\t\t\t<\/div>\n\t\t<\/div>\n\t\t\t\t\t<\/div>\n\t\t<\/section>\n\t\t\t\t<\/div>\n\t\t","protected":false},"excerpt":{"rendered":"<p>N\u00e9 en 2015 suite \u00e0 une collaboration entre deux cousins, Bandi fa\u00e7onne du mobilier 100% made in Wallonie.<\/p>\n","protected":false},"author":1,"featured_media":8072,"comment_status":"closed","ping_status":"open","sticky":false,"template":"elementor_header_footer","format":"standard","meta":{"_acf_changed":false,"_seopress_robots_primary_cat":"","_seopress_titles_title":"","_seopress_titles_desc":"","_seopress_robots_index":"","footnotes":""},"categories":[206],"tags":[],"class_list":["post-10231","post","type-post","status-publish","format-standard","has-post-thumbnail","hentry","category-le-vif-nl"],"acf":[],"_links":{"self":[{"href":"https:\/\/bandi.design\/nl\/wp-json\/wp\/v2\/posts\/10231","targetHints":{"allow":["GET"]}}],"collection":[{"href":"https:\/\/bandi.design\/nl\/wp-json\/wp\/v2\/posts"}],"about":[{"href":"https:\/\/bandi.design\/nl\/wp-json\/wp\/v2\/types\/post"}],"author":[{"embeddable":true,"href":"https:\/\/bandi.design\/nl\/wp-json\/wp\/v2\/users\/1"}],"replies":[{"embeddable":true,"href":"https:\/\/bandi.design\/nl\/wp-json\/wp\/v2\/comments?post=10231"}],"version-history":[{"count":0,"href":"https:\/\/bandi.design\/nl\/wp-json\/wp\/v2\/posts\/10231\/revisions"}],"wp:featuredmedia":[{"embeddable":true,"href":"https:\/\/bandi.design\/nl\/wp-json\/wp\/v2\/media\/8072"}],"wp:attachment":[{"href":"https:\/\/bandi.design\/nl\/wp-json\/wp\/v2\/media?parent=10231"}],"wp:term":[{"taxonomy":"category","embeddable":true,"href":"https:\/\/bandi.design\/nl\/wp-json\/wp\/v2\/categories?post=10231"},{"taxonomy":"post_tag","embeddable":true,"href":"https:\/\/bandi.design\/nl\/wp-json\/wp\/v2\/tags?post=10231"}],"curies":[{"name":"wp","href":"https:\/\/api.w.org\/{rel}","templated":true}]}}