{"id":10233,"date":"2022-06-29T07:35:48","date_gmt":"2022-06-29T07:35:48","guid":{"rendered":"https:\/\/bandi.design\/du-mobilier-pour-vivre-dehors-comme-dedans\/"},"modified":"2022-06-29T07:35:49","modified_gmt":"2022-06-29T07:35:49","slug":"du-mobilier-pour-vivre-dehors-comme-dedans","status":"publish","type":"post","link":"https:\/\/bandi.design\/nl\/du-mobilier-pour-vivre-dehors-comme-dedans\/","title":{"rendered":"Du mobilier pour vivre dehors comme dedans"},"content":{"rendered":"\t\t<div data-elementor-type=\"wp-post\" data-elementor-id=\"10233\" class=\"elementor elementor-10233 elementor-464 elementor-bc-flex-widget\" data-elementor-post-type=\"post\">\n\t\t\t\t\t\t<section class=\"has_eae_slider elementor-section elementor-top-section elementor-element elementor-element-bbfdcf7 elementor-section-boxed elementor-section-height-default elementor-section-height-default\" data-eae-slider=\"19034\" data-id=\"bbfdcf7\" data-element_type=\"section\">\n\t\t\t\t\t\t<div class=\"elementor-container elementor-column-gap-default\">\n\t\t\t\t\t<div class=\"has_eae_slider elementor-column elementor-col-100 elementor-top-column elementor-element elementor-element-26a3971\" data-eae-slider=\"76331\" data-id=\"26a3971\" data-element_type=\"column\">\n\t\t\t<div class=\"elementor-widget-wrap elementor-element-populated\">\n\t\t\t\t\t\t<div class=\"elementor-element elementor-element-16f0992 elementor-widget elementor-widget-image\" data-id=\"16f0992\" data-element_type=\"widget\" data-widget_type=\"image.default\">\n\t\t\t\t<div class=\"elementor-widget-container\">\n\t\t\t\t\t\t\t\t\t\t\t\t\t\t\t<img fetchpriority=\"high\" decoding=\"async\" width=\"1280\" height=\"960\" src=\"https:\/\/bandi.design\/wp-content\/uploads\/2018\/12\/20170916_114419-1.jpg\" class=\"attachment-full size-full wp-image-7958 wvs-archive-product-image\" alt=\"\" srcset=\"https:\/\/bandi.design\/wp-content\/uploads\/2018\/12\/20170916_114419-1.jpg 1280w, https:\/\/bandi.design\/wp-content\/uploads\/2018\/12\/20170916_114419-1-600x450.jpg 600w, https:\/\/bandi.design\/wp-content\/uploads\/2018\/12\/20170916_114419-1-300x225.jpg 300w, https:\/\/bandi.design\/wp-content\/uploads\/2018\/12\/20170916_114419-1-768x576.jpg 768w, https:\/\/bandi.design\/wp-content\/uploads\/2018\/12\/20170916_114419-1-1024x768.jpg 1024w\" sizes=\"(max-width: 1280px) 100vw, 1280px\" \/>\t\t\t\t\t\t\t\t\t\t\t\t\t\t\t<\/div>\n\t\t\t\t<\/div>\n\t\t\t\t<div class=\"elementor-element elementor-element-c8b9e63 elementor-button-success elementor-align-center elementor-widget elementor-widget-button\" data-id=\"c8b9e63\" data-element_type=\"widget\" data-widget_type=\"button.default\">\n\t\t\t\t<div class=\"elementor-widget-container\">\n\t\t\t\t\t\t\t\t\t<div class=\"elementor-button-wrapper\">\n\t\t\t\t\t<a class=\"elementor-button elementor-button-link elementor-size-sm elementor-animation-grow\" href=\"https:\/\/www.bandi.design\/wp-content\/uploads\/2018\/12\/Article-Publi_Reportage_Deco_Idee_170501.pdf\">\n\t\t\t\t\t\t<span class=\"elementor-button-content-wrapper\">\n\t\t\t\t\t\t<span class=\"elementor-button-icon\">\n\t\t\t\t\t\t\t\t\t<i class=\"fa fa-download\" aria-hidden=\"true\"><\/i>\n\t\t\t\t\t\t\t<\/span>\n\t\t\t\t\t\t\t\t\t<span class=\"elementor-button-text\">T\u00e9l\u00e9charger l'article<\/span>\n\t\t\t\t\t<\/span>\n\t\t\t\t\t<\/a>\n\t\t\t\t<\/div>\n\t\t\t\t\t\t\t\t<\/div>\n\t\t\t\t<\/div>\n\t\t\t\t<div class=\"elementor-element elementor-element-4d1c333 elementor-widget elementor-widget-text-editor\" data-id=\"4d1c333\" data-element_type=\"widget\" data-widget_type=\"text-editor.default\">\n\t\t\t\t<div class=\"elementor-widget-container\">\n\t\t\t\t\t\t\t\t\t<p>Imagin\u00e9e en 2015 par Thomas Crucifix et Olivier Colette, cette marque 100% wallonne est n\u00e9e en raison d&#8217;un manque: Thomas ne trouvait pas le banc qui lui convenait sur le march\u00e9. Les deux hommes d\u00e9cident alors de dessiner leur propre mod\u00e8le et de le produire dans un atelier pr\u00e8s de chez eux. Le r\u00e9sultat a tellement plu \u00e0 leur entourage qu&#8217;ils ont d\u00e9cid\u00e9 de le mettre en vente: circuit de production court, vente en direct, tout cela permet de r\u00e9duire les co\u00fbts de production et d&#8217;offrir le meilleur prix. Le mobilier est en aluminium pour un usage aussi bien int\u00e9rieur qu&#8217;ext\u00e9rieur. Intelligent !<\/p>\t\t\t\t\t\t\t\t<\/div>\n\t\t\t\t<\/div>\n\t\t\t\t\t<\/div>\n\t\t<\/div>\n\t\t\t\t\t<\/div>\n\t\t<\/section>\n\t\t\t\t<section class=\"has_eae_slider elementor-section elementor-top-section elementor-element elementor-element-b62a951 elementor-section-boxed elementor-section-height-default elementor-section-height-default\" data-eae-slider=\"81983\" data-id=\"b62a951\" data-element_type=\"section\">\n\t\t\t\t\t\t<div class=\"elementor-container elementor-column-gap-default\">\n\t\t\t\t\t<div class=\"has_eae_slider elementor-column elementor-col-100 elementor-top-column elementor-element elementor-element-41383c6\" data-eae-slider=\"54861\" data-id=\"41383c6\" data-element_type=\"column\">\n\t\t\t<div class=\"elementor-widget-wrap elementor-element-populated\">\n\t\t\t\t\t\t<div class=\"elementor-element elementor-element-ebf54d2 elementor-cta--skin-cover elementor-animated-content elementor-bg-transform elementor-bg-transform-zoom-in elementor-widget elementor-widget-call-to-action\" data-id=\"ebf54d2\" data-element_type=\"widget\" data-widget_type=\"call-to-action.default\">\n\t\t\t\t<div class=\"elementor-widget-container\">\n\t\t\t\t\t\t\t<div class=\"elementor-cta\">\n\t\t\t\t\t<div class=\"elementor-cta__bg-wrapper\">\n\t\t\t\t<div class=\"elementor-cta__bg elementor-bg\" style=\"background-image: url(https:\/\/bandi.design\/wp-content\/uploads\/2018\/12\/IMG_0317-1.jpg);\" role=\"img\" aria-label=\"IMG_0317\"><\/div>\n\t\t\t\t<div class=\"elementor-cta__bg-overlay\"><\/div>\n\t\t\t<\/div>\n\t\t\t\t\t\t\t<div class=\"elementor-cta__content\">\n\t\t\t\t\n\t\t\t\t\t\t\t\t\t<h2 class=\"elementor-cta__title elementor-cta__content-item elementor-content-item elementor-animated-item--grow\">\n\t\t\t\t\t\tBandi Design\t\t\t\t\t<\/h2>\n\t\t\t\t\n\t\t\t\t\n\t\t\t\t\t\t\t\t\t<div class=\"elementor-cta__button-wrapper elementor-cta__content-item elementor-content-item elementor-animated-item--grow\">\n\t\t\t\t\t<a class=\"elementor-cta__button elementor-button elementor-size-\" href=\"https:\/\/www.bandi.design\/contactez-nous\/\">\n\t\t\t\t\t\tDemandez un rendez-vous\t\t\t\t\t<\/a>\n\t\t\t\t\t<\/div>\n\t\t\t\t\t\t\t<\/div>\n\t\t\t\t\t\t<\/div>\n\t\t\t\t\t\t<\/div>\n\t\t\t\t<\/div>\n\t\t\t\t<div class=\"elementor-element elementor-element-f95c859 elementor-widget elementor-widget-spacer\" data-id=\"f95c859\" data-element_type=\"widget\" data-widget_type=\"spacer.default\">\n\t\t\t\t<div class=\"elementor-widget-container\">\n\t\t\t\t\t\t\t<div class=\"elementor-spacer\">\n\t\t\t<div class=\"elementor-spacer-inner\"><\/div>\n\t\t<\/div>\n\t\t\t\t\t\t<\/div>\n\t\t\t\t<\/div>\n\t\t\t\t\t<\/div>\n\t\t<\/div>\n\t\t\t\t\t<\/div>\n\t\t<\/section>\n\t\t\t\t<\/div>\n\t\t","protected":false},"excerpt":{"rendered":"<p>Imagin\u00e9e en 2015 par Thomas Crucifix et Olivier Colette, cette marque 100% wallonne est n\u00e9e en raison d&#8217;un manque: Thomas ne trouvait pas le banc qui lui convenait sur le march\u00e9.<\/p>\n","protected":false},"author":1,"featured_media":8074,"comment_status":"closed","ping_status":"open","sticky":false,"template":"elementor_header_footer","format":"standard","meta":{"_acf_changed":false,"_seopress_robots_primary_cat":"","_seopress_titles_title":"","_seopress_titles_desc":"","_seopress_robots_index":"","footnotes":""},"categories":[207],"tags":[],"class_list":["post-10233","post","type-post","status-publish","format-standard","has-post-thumbnail","hentry","category-deco-idees-nl"],"acf":[],"_links":{"self":[{"href":"https:\/\/bandi.design\/nl\/wp-json\/wp\/v2\/posts\/10233","targetHints":{"allow":["GET"]}}],"collection":[{"href":"https:\/\/bandi.design\/nl\/wp-json\/wp\/v2\/posts"}],"about":[{"href":"https:\/\/bandi.design\/nl\/wp-json\/wp\/v2\/types\/post"}],"author":[{"embeddable":true,"href":"https:\/\/bandi.design\/nl\/wp-json\/wp\/v2\/users\/1"}],"replies":[{"embeddable":true,"href":"https:\/\/bandi.design\/nl\/wp-json\/wp\/v2\/comments?post=10233"}],"version-history":[{"count":0,"href":"https:\/\/bandi.design\/nl\/wp-json\/wp\/v2\/posts\/10233\/revisions"}],"wp:featuredmedia":[{"embeddable":true,"href":"https:\/\/bandi.design\/nl\/wp-json\/wp\/v2\/media\/8074"}],"wp:attachment":[{"href":"https:\/\/bandi.design\/nl\/wp-json\/wp\/v2\/media?parent=10233"}],"wp:term":[{"taxonomy":"category","embeddable":true,"href":"https:\/\/bandi.design\/nl\/wp-json\/wp\/v2\/categories?post=10233"},{"taxonomy":"post_tag","embeddable":true,"href":"https:\/\/bandi.design\/nl\/wp-json\/wp\/v2\/tags?post=10233"}],"curies":[{"name":"wp","href":"https:\/\/api.w.org\/{rel}","templated":true}]}}